{"id":9658,"date":"2011-10-02T13:17:00","date_gmt":"2011-10-02T13:17:00","guid":{"rendered":"http:\/\/bobbyfischer.com.br\/2011\/?p=9658"},"modified":"2021-04-07T10:29:38","modified_gmt":"2021-04-07T13:29:38","slug":"vitria-de-fenmeno-tem-reflexo-num-compatriota-que-fica-margem-do-sanatrio","status":"publish","type":"post","link":"https:\/\/bfxc.com.br\/2021\/vitria-de-fenmeno-tem-reflexo-num-compatriota-que-fica-margem-do-sanatrio\/","title":{"rendered":"Vit&oacute;ria de fen&ocirc;meno tem reflexo num compatriota que fica &agrave; margem do Sanat&oacute;rio."},"content":{"rendered":"<p><a href=\"http:\/\/bfxc.com.br\/2021\/wp-content\/uploads\/2011\/10\/Jlio-Siedleck.jpg\"><img fetchpriority=\"high\" decoding=\"async\" style=\"background-image: none; border-bottom: 0px; border-left: 0px; padding-left: 0px; padding-right: 0px; display: inline; float: left; border-top: 0px; border-right: 0px; padding-top: 0px\" title=\"J\u00falio Siedleck\" border=\"0\" alt=\"J\u00falio Siedleck\" align=\"left\" src=\"http:\/\/bfxc.com.br\/2021\/wp-content\/uploads\/2011\/10\/Jlio-Siedleck_thumb.jpg\" width=\"372\" height=\"285\" \/><\/a>Bastou publicar a frase \u201cMARACANAZO\u201d no t\u00edtulo da mat\u00e9ria recentemente divulgada no site (<a href=\"http:\/\/bfxc.com.br\/2021\/?p=9637\">http:\/\/bfxc.com.br\/2021\/?p=9637<\/a>) narrando, e com detalhes \u2013 o embate entre dois grandes gladiadores do esporte\/ci\u00eancia de nossa fronteira na Sala Vip C\u00f4nsul Alfredo Sanchez do Bobby Fischer Xadrez Clube na noite desta \u00faltima quinta-feira dia 29 de setembro quando o heptacampe\u00e3o departamental de Rivera no Uruguai Diego Pelaez, mais conhecido como \u201cEl Fen\u00f4meno\u201d enfrentou o antigo Robin dos Pampas que ganhou nova alcunha e passou a ser chamado de \u2018Imperador Braz\u2019 devido \u00e0s suas recentes conquistas que o site do Bobby Fischer come\u00e7ou a receber dezenas, centenas de acessos principalmente dos uruguaios em especial daqueles saudosistas que viveram na d\u00e9cada de 1950 que n\u00e3o resistiram e ofereceram uma festa para o fen\u00f4meno \u2013 agora mais \u00eddolo e arqu\u00e9tipo de&#160; pelo duro&#160; com sangue e alma no melhor estilo da ra\u00e7a uruguaia, Diego Pelaez. <\/p>\n<p>Ele n\u00e3o era mais crian\u00e7a e&#160; lembra como ningu\u00e9m daquele chute cruzado de Ghiggia aos 36 minutos do segundo tempo que sacramentou o bicampeonato mundial do Uruguai e justamente contra a grande sele\u00e7\u00e3o<a href=\"http:\/\/bfxc.com.br\/2021\/wp-content\/uploads\/2011\/10\/Ghiggia.jpg\"><img decoding=\"async\" style=\"background-image: none; border-bottom: 0px; border-left: 0px; padding-left: 0px; padding-right: 0px; display: inline; float: right; border-top: 0px; border-right: 0px; padding-top: 0px\" title=\"Ghiggia\" border=\"0\" alt=\"Ghiggia\" align=\"right\" src=\"http:\/\/bfxc.com.br\/2021\/wp-content\/uploads\/2011\/10\/Ghiggia_thumb.jpg\" width=\"390\" height=\"298\" \/><\/a> do momento e em sua casa, a do Brasil. J\u00falio Siedleck, ou simplesmente \u201cLITO\u201d como \u00e9 internacionalmente conhecido foi um dos que mais se emocionou n\u00e3o s\u00f3 pela vit\u00f3ria, de virada, do fen\u00f4meno Pelaez sobre Tiago Braz \u2013 mas da forma que foi narrada na cr\u00f4nica lembrando \u2013 e muito, do ocorrido h\u00e1 61 anos. Conforme escreveu em nosso livro de visitas num bom e velho misto de portugu\u00eas com espanhol ele comentou \u201c<u>espectacular cr\u00f3nica de una muerte anunciada parafaseando a Gabriel Garcia Marquez. partida propia de dois genios do xadrez da fronteira! parabenes Pedro<\/u>\u201d A emo\u00e7\u00e3o do quase octogen\u00e1rio foi tamanha que esteve a um passo de ter que ser levado ao pronto socorro, pois come\u00e7ou de imediato a sentir dor de cabe\u00e7a, \u00e2nsia de vomito, tonturas, vertigens \u2013 enfim, sintomas t\u00edpicos de press\u00e3o alta. Mas como era noite de s\u00e1bado, churrasquinho esperto e cercado de amigos logo o problema come\u00e7ou a ser resolvido. Recostaram-no no sof\u00e1 da sala, um pouco de gelo na testa e depois uns bons goles de whisky resolveram o problema e n\u00e3o precisaram interromper a comemora\u00e7\u00e3o dupla \u2013 da vit\u00f3ria no melhor estilo MARACANAZO de Diego Pelaez e, \u00e9 claro \u2013 das boas lembran\u00e7as daquele grande dia para o povo uruguaio.<\/p>\n<p>Este foi o time uruguaio que venceu o Brasil: <a href=\"http:\/\/bfxc.com.br\/2021\/wp-content\/uploads\/2011\/10\/Na-Copa-do-Mundo-1950-o-Uruguai-conquistou-seu-segundo-campeonato-mundial-derrotando-na-final-de.jpg\"><img decoding=\"async\" style=\"background-image: none; border-bottom: 0px; border-left: 0px; padding-left: 0px; padding-right: 0px; display: inline; float: left; border-top: 0px; border-right: 0px; padding-top: 0px\" title=\"Na Copa do Mundo 1950, o Uruguai conquistou seu segundo campeonato mundial, derrotando na final de forma surpreendente o Brasil.\" border=\"0\" alt=\"Na Copa do Mundo 1950, o Uruguai conquistou seu segundo campeonato mundial, derrotando na final de forma surpreendente o Brasil.\" align=\"left\" src=\"http:\/\/bfxc.com.br\/2021\/wp-content\/uploads\/2011\/10\/Na-Copa-do-Mundo-1950-o-Uruguai-conquistou-seu-segundo-campeonato-mundial-derrotando-na-final-de1.jpg\" width=\"390\" height=\"270\" \/><\/a> Maspoli; Matias Gonzalez, Tejera; Gambetta, Obdulio Varela, Andrade; Ghiggia, Julio Perez, Miguez, Schiaffino, Moran. S\u00f3 que&#160; os entusiastas de plant\u00e3o j\u00e1 embalados com um goles de whisky a mais insistiam que Diego deveria jogar nesta sele\u00e7\u00e3o e que o placar seria mais dilatado. E chegaram a mencionar a inten\u00e7\u00e3o de enviar uma carta&#160; para Federa\u00e7\u00e3o Uruguaia&#160; de Futebol requisitando a&#160; convoca\u00e7\u00e3o do Fen\u00f4meno para disputar as eliminat\u00f3rias da Copa de 2014 no Brasil.<\/p>\n<p><a href=\"http:\/\/bfxc.com.br\/2021\/wp-content\/uploads\/2011\/10\/GOL-HISTRICO-QUE-EMICIONOU-O-BOM-E-VELHO-LITO.jpg\"><img loading=\"lazy\" decoding=\"async\" style=\"background-image: none; border-right-width: 0px; padding-left: 0px; padding-right: 0px; display: inline; float: left; border-top-width: 0px; border-bottom-width: 0px; border-left-width: 0px; padding-top: 0px\" title=\"GOL HIST\u00d3RICO QUE EMICIONOU O BOM E VELHO LITO\" border=\"0\" alt=\"GOL HIST\u00d3RICO QUE EMICIONOU O BOM E VELHO LITO\" align=\"left\" src=\"http:\/\/bfxc.com.br\/2021\/wp-content\/uploads\/2011\/10\/GOL-HISTRICO-QUE-EMICIONOU-O-BOM-E-VELHO-LITO_thumb.jpg\" width=\"390\" height=\"260\" \/><\/a><\/p>\n","protected":false},"excerpt":{"rendered":"<p>Bastou publicar a frase \u201cMARACANAZO\u201d no t\u00edtulo da mat\u00e9ria recentemente divulgada no site (http:\/\/bfxc.com.br\/2021\/?p=9637) narrando, e com detalhes \u2013 o embate entre dois grandes gladiadores do esporte\/ci\u00eancia de nossa fronteira na Sala Vip C\u00f4nsul Alfredo Sanchez do Bobby Fischer Xadrez Clube na noite desta \u00faltima quinta-feira dia 29 de setembro quando o heptacampe\u00e3o departamental de [&hellip;]<\/p>\n","protected":false},"author":1,"featured_media":0,"comment_status":"open","ping_status":"closed","sticky":false,"template":"","format":"standard","meta":{"footnotes":""},"categories":[5],"tags":[],"class_list":["post-9658","post","type-post","status-publish","format-standard","hentry","category-antigos"],"_links":{"self":[{"href":"https:\/\/bfxc.com.br\/2021\/wp-json\/wp\/v2\/posts\/9658","targetHints":{"allow":["GET"]}}],"collection":[{"href":"https:\/\/bfxc.com.br\/2021\/wp-json\/wp\/v2\/posts"}],"about":[{"href":"https:\/\/bfxc.com.br\/2021\/wp-json\/wp\/v2\/types\/post"}],"author":[{"embeddable":true,"href":"https:\/\/bfxc.com.br\/2021\/wp-json\/wp\/v2\/users\/1"}],"replies":[{"embeddable":true,"href":"https:\/\/bfxc.com.br\/2021\/wp-json\/wp\/v2\/comments?post=9658"}],"version-history":[{"count":1,"href":"https:\/\/bfxc.com.br\/2021\/wp-json\/wp\/v2\/posts\/9658\/revisions"}],"predecessor-version":[{"id":40871,"href":"https:\/\/bfxc.com.br\/2021\/wp-json\/wp\/v2\/posts\/9658\/revisions\/40871"}],"wp:attachment":[{"href":"https:\/\/bfxc.com.br\/2021\/wp-json\/wp\/v2\/media?parent=9658"}],"wp:term":[{"taxonomy":"category","embeddable":true,"href":"https:\/\/bfxc.com.br\/2021\/wp-json\/wp\/v2\/categories?post=9658"},{"taxonomy":"post_tag","embeddable":true,"href":"https:\/\/bfxc.com.br\/2021\/wp-json\/wp\/v2\/tags?post=9658"}],"curies":[{"name":"wp","href":"https:\/\/api.w.org\/{rel}","templated":true}]}}